{"id":2377,"date":"2024-02-14T15:46:51","date_gmt":"2024-02-14T15:46:51","guid":{"rendered":"https:\/\/www.solhabitat.com\/blog\/?p=2377"},"modified":"2024-02-14T16:21:20","modified_gmt":"2024-02-14T16:21:20","slug":"mirador-cap-negre","status":"publish","type":"post","link":"https:\/\/www.solhabitat.com\/blog\/mirador-cap-negre\/","title":{"rendered":"Mirador del Cap Negre: las Mejores Vistas de J\u00e1vea"},"content":{"rendered":"\t\t<div data-elementor-type=\"wp-post\" data-elementor-id=\"2377\" class=\"elementor elementor-2377\">\n\t\t\t\t\t\t\t\t\t<section class=\"elementor-section elementor-top-section elementor-element elementor-element-7bf4f577 elementor-section-boxed elementor-section-height-default elementor-section-height-default\" data-id=\"7bf4f577\" data-element_type=\"section\">\n\t\t\t\t\t\t<div class=\"elementor-container elementor-column-gap-default\">\n\t\t\t\t\t<div class=\"elementor-column elementor-col-100 elementor-top-column elementor-element elementor-element-765fe6fd\" data-id=\"765fe6fd\" data-element_type=\"column\">\n\t\t\t<div class=\"elementor-widget-wrap elementor-element-populated\">\n\t\t\t\t\t\t\t\t<div class=\"elementor-element elementor-element-803b1ca elementor-widget elementor-widget-text-editor\" data-id=\"803b1ca\" data-element_type=\"widget\" data-widget_type=\"text-editor.default\">\n\t\t\t\t<div class=\"elementor-widget-container\">\n\t\t\t<style>\/*! elementor - v3.12.1 - 02-04-2023 *\/\n.elementor-widget-text-editor.elementor-drop-cap-view-stacked .elementor-drop-cap{background-color:#69727d;color:#fff}.elementor-widget-text-editor.elementor-drop-cap-view-framed .elementor-drop-cap{color:#69727d;border:3px solid;background-color:transparent}.elementor-widget-text-editor:not(.elementor-drop-cap-view-default) .elementor-drop-cap{margin-top:8px}.elementor-widget-text-editor:not(.elementor-drop-cap-view-default) .elementor-drop-cap-letter{width:1em;height:1em}.elementor-widget-text-editor .elementor-drop-cap{float:left;text-align:center;line-height:1;font-size:50px}.elementor-widget-text-editor .elementor-drop-cap-letter{display:inline-block}<\/style>\t\t\t\t<p><span style=\"font-weight: 400\">El mirador del Cap Negre, en J\u00e1vea, es uno de los puntos m\u00e1s espectaculares de la costa de Alicante, y en este art\u00edculo te vamos a contar por qu\u00e9. As\u00ed, en tu pr\u00f3ximo viaje por la zona, ya sabes que no te lo puedes perder y sabr\u00e1s c\u00f3mo llegar y qu\u00e9 puedes hacer en los alrededores del Cap Negre, incluyendo rutas espectaculares para hacer en familia. \u00a1No te lo pierdas!<\/span><\/p>\t\t\t\t\t\t<\/div>\n\t\t\t\t<\/div>\n\t\t\t\t\t<\/div>\n\t\t<\/div>\n\t\t\t\t\t\t\t<\/div>\n\t\t<\/section>\n\t\t\t\t<section class=\"elementor-section elementor-top-section elementor-element elementor-element-48020081 elementor-section-boxed elementor-section-height-default elementor-section-height-default\" data-id=\"48020081\" data-element_type=\"section\">\n\t\t\t\t\t\t<div class=\"elementor-container elementor-column-gap-default\">\n\t\t\t\t\t<div class=\"elementor-column elementor-col-100 elementor-top-column elementor-element elementor-element-264ca8a3\" data-id=\"264ca8a3\" data-element_type=\"column\">\n\t\t\t<div class=\"elementor-widget-wrap elementor-element-populated\">\n\t\t\t\t\t\t\t\t<div class=\"elementor-element elementor-element-4af6c53e elementor-widget elementor-widget-table-of-contents\" data-id=\"4af6c53e\" data-element_type=\"widget\" data-settings=\"{&quot;headings_by_tags&quot;:[&quot;h2&quot;],&quot;exclude_headings_by_selector&quot;:[],&quot;marker_view&quot;:&quot;bullets&quot;,&quot;icon&quot;:{&quot;value&quot;:&quot;&quot;,&quot;library&quot;:&quot;&quot;},&quot;hierarchical_view&quot;:&quot;yes&quot;,&quot;min_height&quot;:{&quot;unit&quot;:&quot;px&quot;,&quot;size&quot;:&quot;&quot;,&quot;sizes&quot;:[]},&quot;min_height_tablet&quot;:{&quot;unit&quot;:&quot;px&quot;,&quot;size&quot;:&quot;&quot;,&quot;sizes&quot;:[]},&quot;min_height_mobile&quot;:{&quot;unit&quot;:&quot;px&quot;,&quot;size&quot;:&quot;&quot;,&quot;sizes&quot;:[]}}\" data-widget_type=\"table-of-contents.default\">\n\t\t\t\t<div class=\"elementor-widget-container\">\n\t\t\t<style>\/*! elementor-pro - v3.8.2 - 21-11-2022 *\/\n.elementor-widget-table-of-contents .elementor-toc__header-title{color:var(--header-color)}.elementor-widget-table-of-contents.elementor-toc--collapsed .elementor-toc__toggle-button--collapse,.elementor-widget-table-of-contents:not(.elementor-toc--collapsed) .elementor-toc__toggle-button--expand{display:none}.elementor-widget-table-of-contents .elementor-widget-container{min-height:var(--box-min-height);border:var(--box-border-width,1px) solid var(--box-border-color,#a4afb7);border-radius:var(--box-border-radius,3px);background-color:var(--box-background-color);-webkit-transition:min-height .4s;-o-transition:min-height .4s;transition:min-height .4s;overflow:hidden}.elementor-toc__header{display:-webkit-box;display:-ms-flexbox;display:flex;-webkit-box-align:center;-ms-flex-align:center;align-items:center;-webkit-box-pack:justify;-ms-flex-pack:justify;justify-content:space-between;padding:var(--box-padding,20px);background-color:var(--header-background-color);border-bottom:var(--separator-width,1px) solid var(--box-border-color,#a4afb7)}.elementor-toc__header-title{font-size:18px;margin:0;color:var(--header-color)}.elementor-toc__toggle-button{cursor:pointer;display:-webkit-inline-box;display:-ms-inline-flexbox;display:inline-flex}.elementor-toc__toggle-button i{color:var(--toggle-button-color)}.elementor-toc__toggle-button svg{height:1em;width:1em;fill:var(--toggle-button-color)}.elementor-toc__spinner-container{text-align:center}.elementor-toc__spinner{font-size:2em}.elementor-toc__spinner.e-font-icon-svg{height:1em;width:1em}.elementor-toc__body{padding:var(--box-padding,20px);max-height:var(--toc-body-max-height);overflow-y:auto}.elementor-toc__body::-webkit-scrollbar{width:7px}.elementor-toc__body::-webkit-scrollbar-thumb{background-color:#c2cbd2;border-radius:10px}.elementor-toc__list-wrapper{list-style:none;padding:0}.elementor-toc__list-item{margin-bottom:.5em}.elementor-toc__list-item.elementor-item-active{font-weight:700}.elementor-toc__list-item .elementor-toc__list-wrapper{margin-top:.5em;margin-left:var(--nested-list-indent,1em)}.elementor-toc__list-item-text:hover{color:var(--item-text-hover-color);-webkit-text-decoration:var(--item-text-hover-decoration);text-decoration:var(--item-text-hover-decoration)}.elementor-toc__list-item-text.elementor-item-active{color:var(--item-text-active-color);-webkit-text-decoration:var(--item-text-active-decoration);text-decoration:var(--item-text-active-decoration)}.elementor-toc__list-item-text-wrapper{display:-webkit-box;display:-ms-flexbox;display:flex;-webkit-box-align:center;-ms-flex-align:center;align-items:center}.elementor-toc__list-item-text-wrapper:before,.elementor-toc__list-item-text-wrapper i{margin-right:8px;color:var(--marker-color)}.elementor-toc__list-item-text-wrapper svg{margin-right:8px;fill:var(--marker-color);height:var(--marker-size,.5em);width:var(--marker-size,.5em)}.elementor-toc__list-item-text-wrapper i{font-size:var(--marker-size,.5em)}.elementor-toc__list-item-text-wrapper:before{font-size:var(--marker-size,1em)}.elementor-toc--content-ellipsis .elementor-toc__list-item-text{white-space:nowrap;overflow:hidden;-o-text-overflow:ellipsis;text-overflow:ellipsis}.elementor-toc__list-items--collapsible>.elementor-toc__list-wrapper>.elementor-toc__list-item>.elementor-toc__list-wrapper{display:none}.elementor-toc__heading-anchor{position:absolute}.elementor-toc__body .elementor-toc__list-item-text{color:var(--item-text-color);-webkit-text-decoration:var(--item-text-decoration);text-decoration:var(--item-text-decoration)}.elementor-toc__body .elementor-toc__list-item-text:hover{color:var(--item-text-hover-color);-webkit-text-decoration:var(--item-text-hover-decoration);text-decoration:var(--item-text-hover-decoration)}.elementor-toc__body .elementor-toc__list-item-text.elementor-item-active{color:var(--item-text-active-color);-webkit-text-decoration:var(--item-text-active-decoration);text-decoration:var(--item-text-active-decoration)}ol.elementor-toc__list-wrapper{counter-reset:item}ol.elementor-toc__list-wrapper .elementor-toc__list-item{counter-increment:item}ol.elementor-toc__list-wrapper .elementor-toc__list-item-text-wrapper:before{content:counters(item,\".\") \". \"}<\/style>\t\t<div class=\"elementor-toc__header\">\n\t\t\t<div class=\"elementor-toc__header-title\">\n\t\t\t\t\u00cdNDICE\t\t\t<\/div>\n\t\t\t\t\t<\/div>\n\t\t<div class=\"elementor-toc__body\">\n\t\t\t<div class=\"elementor-toc__spinner-container\">\n\t\t\t\t<i class=\"elementor-toc__spinner eicon-animation-spin eicon-loading\" aria-hidden=\"true\"><\/i>\t\t\t<\/div>\n\t\t<\/div>\n\t\t\t\t<\/div>\n\t\t\t\t<\/div>\n\t\t\t\t\t<\/div>\n\t\t<\/div>\n\t\t\t\t\t\t\t<\/div>\n\t\t<\/section>\n\t\t\t\t<section class=\"elementor-section elementor-top-section elementor-element elementor-element-7aa5b102 elementor-section-boxed elementor-section-height-default elementor-section-height-default\" data-id=\"7aa5b102\" data-element_type=\"section\">\n\t\t\t\t\t\t<div class=\"elementor-container elementor-column-gap-default\">\n\t\t\t\t\t<div class=\"elementor-column elementor-col-100 elementor-top-column elementor-element elementor-element-3f6a4e6c\" data-id=\"3f6a4e6c\" data-element_type=\"column\">\n\t\t\t<div class=\"elementor-widget-wrap elementor-element-populated\">\n\t\t\t\t\t\t\t\t<div class=\"elementor-element elementor-element-5c2a3279 elementor-widget elementor-widget-heading\" data-id=\"5c2a3279\" data-element_type=\"widget\" data-widget_type=\"heading.default\">\n\t\t\t\t<div class=\"elementor-widget-container\">\n\t\t\t<style>\/*! elementor - v3.12.1 - 02-04-2023 *\/\n.elementor-heading-title{padding:0;margin:0;line-height:1}.elementor-widget-heading .elementor-heading-title[class*=elementor-size-]>a{color:inherit;font-size:inherit;line-height:inherit}.elementor-widget-heading .elementor-heading-title.elementor-size-small{font-size:15px}.elementor-widget-heading .elementor-heading-title.elementor-size-medium{font-size:19px}.elementor-widget-heading .elementor-heading-title.elementor-size-large{font-size:29px}.elementor-widget-heading .elementor-heading-title.elementor-size-xl{font-size:39px}.elementor-widget-heading .elementor-heading-title.elementor-size-xxl{font-size:59px}<\/style><h2 class=\"elementor-heading-title elementor-size-default\">Descubre Vistas Panor\u00e1micas desde el Mirador del Cap Negre<\/h2>\t\t<\/div>\n\t\t\t\t<\/div>\n\t\t\t\t<div class=\"elementor-element elementor-element-7cd2c283 elementor-widget elementor-widget-text-editor\" data-id=\"7cd2c283\" data-element_type=\"widget\" data-widget_type=\"text-editor.default\">\n\t\t\t\t<div class=\"elementor-widget-container\">\n\t\t\t\t\t\t\t<p><span style=\"font-weight: 400;\">El mirador del Cap Negre est\u00e1 ubicado en Alicante, m\u00e1s espec\u00edficamente en la costa de J\u00e1vea, y es uno de los miradores que hacen parte de la ruta de miradores de J\u00e1vea.\u00a0<\/span><span style=\"background-color: transparent;\">Esto significa que es un punto de inter\u00e9s local y que atrae a much\u00edsimos viajeros que buscan vistas espectaculares y el contacto con la naturaleza. En las proximidades del Cap Negre hay varias calas y cuevas perfectas para relajarse y divertirse.\u00a0<\/span><\/p>\t\t\t\t\t\t<\/div>\n\t\t\t\t<\/div>\n\t\t\t\t\t<\/div>\n\t\t<\/div>\n\t\t\t\t\t\t\t<\/div>\n\t\t<\/section>\n\t\t\t\t<section class=\"elementor-section elementor-top-section elementor-element elementor-element-aa25f9a elementor-section-boxed elementor-section-height-default elementor-section-height-default\" data-id=\"aa25f9a\" data-element_type=\"section\">\n\t\t\t\t\t\t<div class=\"elementor-container elementor-column-gap-default\">\n\t\t\t\t\t<div class=\"elementor-column elementor-col-50 elementor-top-column elementor-element elementor-element-63c5373\" data-id=\"63c5373\" data-element_type=\"column\">\n\t\t\t<div class=\"elementor-widget-wrap elementor-element-populated\">\n\t\t\t\t\t\t\t\t<div class=\"elementor-element elementor-element-59bba73 elementor-widget elementor-widget-text-editor\" data-id=\"59bba73\" data-element_type=\"widget\" data-widget_type=\"text-editor.default\">\n\t\t\t\t<div class=\"elementor-widget-container\">\n\t\t\t\t\t\t\t<p><span style=\"background-color: transparent;\">El Cap Negre, nombre valenciano que significa Cabo Negro, por las manchas oscuras del acantilado, es uno de los cuatro cabos que existen en J\u00e1vea y que no debes dejar de visitar. \u00a1Muchos visitantes lo consideran el lugar con las mejores vistas de J\u00e1vea! Al norte se puede ver el Montg\u00f3 y la bah\u00eda de J\u00e1vea, mientras al sur encontramos el cabo de San Antonio y el Cap Prim, alineados.\u00a0<\/span><\/p><p><span style=\"background-color: transparent;\">Si dirigimos la vista hacia el mar, veremos la isla del Portixol, si el tiempo lo permite (afortunadamente, lo permite durante la mayor parte del a\u00f1o).<\/span><\/p>\t\t\t\t\t\t<\/div>\n\t\t\t\t<\/div>\n\t\t\t\t\t<\/div>\n\t\t<\/div>\n\t\t\t\t<div class=\"elementor-column elementor-col-50 elementor-top-column elementor-element elementor-element-1660a61\" data-id=\"1660a61\" data-element_type=\"column\">\n\t\t\t<div class=\"elementor-widget-wrap elementor-element-populated\">\n\t\t\t\t\t\t\t\t<div class=\"elementor-element elementor-element-efb23ef elementor-widget elementor-widget-image\" data-id=\"efb23ef\" data-element_type=\"widget\" data-widget_type=\"image.default\">\n\t\t\t\t<div class=\"elementor-widget-container\">\n\t\t\t<style>\/*! elementor - v3.12.1 - 02-04-2023 *\/\n.elementor-widget-image{text-align:center}.elementor-widget-image a{display:inline-block}.elementor-widget-image a img[src$=\".svg\"]{width:48px}.elementor-widget-image img{vertical-align:middle;display:inline-block}<\/style>\t\t\t\t\t\t\t\t\t\t\t\t<img decoding=\"async\" width=\"751\" height=\"430\" src=\"https:\/\/www.solhabitat.com\/blog\/wp-content\/uploads\/2024\/02\/cap-negre-alicante-751x430.jpg\" class=\"attachment-post size-post wp-image-2403\" alt=\"cap-negre-alicante\" loading=\"lazy\" \/>\t\t\t\t\t\t\t\t\t\t\t\t\t\t\t<\/div>\n\t\t\t\t<\/div>\n\t\t\t\t\t<\/div>\n\t\t<\/div>\n\t\t\t\t\t\t\t<\/div>\n\t\t<\/section>\n\t\t\t\t<section class=\"elementor-section elementor-top-section elementor-element elementor-element-0fa02f6 elementor-section-boxed elementor-section-height-default elementor-section-height-default\" data-id=\"0fa02f6\" data-element_type=\"section\">\n\t\t\t\t\t\t<div class=\"elementor-container elementor-column-gap-default\">\n\t\t\t\t\t<div class=\"elementor-column elementor-col-100 elementor-top-column elementor-element elementor-element-4e4108f\" data-id=\"4e4108f\" data-element_type=\"column\">\n\t\t\t<div class=\"elementor-widget-wrap elementor-element-populated\">\n\t\t\t\t\t\t\t\t<div class=\"elementor-element elementor-element-e2d07ed elementor-widget elementor-widget-heading\" data-id=\"e2d07ed\" data-element_type=\"widget\" data-widget_type=\"heading.default\">\n\t\t\t\t<div class=\"elementor-widget-container\">\n\t\t\t<h2 class=\"elementor-heading-title elementor-size-default\">Los alrededores del Mirador del Cap Negre<\/h2>\t\t<\/div>\n\t\t\t\t<\/div>\n\t\t\t\t<div class=\"elementor-element elementor-element-39597a8 elementor-widget elementor-widget-text-editor\" data-id=\"39597a8\" data-element_type=\"widget\" data-widget_type=\"text-editor.default\">\n\t\t\t\t<div class=\"elementor-widget-container\">\n\t\t\t\t\t\t\t<p><span style=\"font-weight: 400\">El Cabo Negro est\u00e1 en plena naturaleza y ofrece mucha tranquilidad y paz, y as\u00ed las vistas se pueden disfrutar mucho mejor. Rodeado de una frondosa vegetaci\u00f3n, que incluye numerosos pinos y muchas otras plantas y \u00e1rboles de la regi\u00f3n, este mirador en J\u00e1vea es un rinc\u00f3n muy verde y muy bonito, cerca de muchos puntos de inter\u00e9s tur\u00edstico:<\/span><\/p>\t\t\t\t\t\t<\/div>\n\t\t\t\t<\/div>\n\t\t\t\t\t<\/div>\n\t\t<\/div>\n\t\t\t\t\t\t\t<\/div>\n\t\t<\/section>\n\t\t\t\t<section class=\"elementor-section elementor-top-section elementor-element elementor-element-fa8cf65 elementor-section-boxed elementor-section-height-default elementor-section-height-default\" data-id=\"fa8cf65\" data-element_type=\"section\">\n\t\t\t\t\t\t<div class=\"elementor-container elementor-column-gap-default\">\n\t\t\t\t\t<div class=\"elementor-column elementor-col-33 elementor-top-column elementor-element elementor-element-509aeff\" data-id=\"509aeff\" data-element_type=\"column\">\n\t\t\t<div class=\"elementor-widget-wrap elementor-element-populated\">\n\t\t\t\t\t\t\t\t<div class=\"elementor-element elementor-element-20136b2d elementor-widget elementor-widget-heading\" data-id=\"20136b2d\" data-element_type=\"widget\" data-widget_type=\"heading.default\">\n\t\t\t\t<div class=\"elementor-widget-container\">\n\t\t\t<h3 class=\"elementor-heading-title elementor-size-default\">J\u00e1vea<\/h3>\t\t<\/div>\n\t\t\t\t<\/div>\n\t\t\t\t<div class=\"elementor-element elementor-element-44f22974 elementor-widget elementor-widget-text-editor\" data-id=\"44f22974\" data-element_type=\"widget\" data-widget_type=\"text-editor.default\">\n\t\t\t\t<div class=\"elementor-widget-container\">\n\t\t\t\t\t\t\t<p><span style=\"font-weight: 400\">A 20 minutos en coche est\u00e1 el municipio de J\u00e1vea, tradicionalmente mediterr\u00e1neo y con mucho que ofrecer, como cultura, gastronom\u00eda, historia y playas fant\u00e1sticas. Destacamos el Paseo del Arenal, con una gran oferta de restauraci\u00f3n y tiendas.<\/span><\/p>\t\t\t\t\t\t<\/div>\n\t\t\t\t<\/div>\n\t\t\t\t\t<\/div>\n\t\t<\/div>\n\t\t\t\t<div class=\"elementor-column elementor-col-33 elementor-top-column elementor-element elementor-element-c67afd9\" data-id=\"c67afd9\" data-element_type=\"column\">\n\t\t\t<div class=\"elementor-widget-wrap elementor-element-populated\">\n\t\t\t\t\t\t\t\t<div class=\"elementor-element elementor-element-511e0e9 elementor-widget elementor-widget-heading\" data-id=\"511e0e9\" data-element_type=\"widget\" data-widget_type=\"heading.default\">\n\t\t\t\t<div class=\"elementor-widget-container\">\n\t\t\t<h3 class=\"elementor-heading-title elementor-size-default\">Denia<\/h3>\t\t<\/div>\n\t\t\t\t<\/div>\n\t\t\t\t<div class=\"elementor-element elementor-element-7fe2ec7 elementor-widget elementor-widget-text-editor\" data-id=\"7fe2ec7\" data-element_type=\"widget\" data-widget_type=\"text-editor.default\">\n\t\t\t\t<div class=\"elementor-widget-container\">\n\t\t\t\t\t\t\t<p><span style=\"font-weight: 400\">Otro pueblo con mucho encanto en esta zona es Denia, que tiene una gran oferta gastron\u00f3mica y un ambiente relajado durante el d\u00eda y festivo por la noche. Destacamos el Castillo de Denia y el Puerto de Denia. Est\u00e1 a poco m\u00e1s de 40 minutos de distancia, en coche.<\/span><\/p>\t\t\t\t\t\t<\/div>\n\t\t\t\t<\/div>\n\t\t\t\t\t<\/div>\n\t\t<\/div>\n\t\t\t\t<div class=\"elementor-column elementor-col-33 elementor-top-column elementor-element elementor-element-b7c7bb9\" data-id=\"b7c7bb9\" data-element_type=\"column\">\n\t\t\t<div class=\"elementor-widget-wrap elementor-element-populated\">\n\t\t\t\t\t\t\t\t<div class=\"elementor-element elementor-element-96c2788 elementor-widget elementor-widget-heading\" data-id=\"96c2788\" data-element_type=\"widget\" data-widget_type=\"heading.default\">\n\t\t\t\t<div class=\"elementor-widget-container\">\n\t\t\t<h3 class=\"elementor-heading-title elementor-size-default\">Isla del Portixol<\/h3>\t\t<\/div>\n\t\t\t\t<\/div>\n\t\t\t\t<div class=\"elementor-element elementor-element-3efb02a elementor-widget elementor-widget-text-editor\" data-id=\"3efb02a\" data-element_type=\"widget\" data-widget_type=\"text-editor.default\">\n\t\t\t\t<div class=\"elementor-widget-container\">\n\t\t\t\t\t\t\t<p><span style=\"font-weight: 400;\">Justo delante del Cap Negre est\u00e1 esta peque\u00f1a isla perfecta para vivir aventuras. \u00a1Tiene una cueva, una piscina natural y un acantilado desde donde se puede saltar!<\/span><\/p>\t\t\t\t\t\t<\/div>\n\t\t\t\t<\/div>\n\t\t\t\t\t<\/div>\n\t\t<\/div>\n\t\t\t\t\t\t\t<\/div>\n\t\t<\/section>\n\t\t\t\t<section class=\"elementor-section elementor-top-section elementor-element elementor-element-fca9778 elementor-section-boxed elementor-section-height-default elementor-section-height-default\" data-id=\"fca9778\" data-element_type=\"section\">\n\t\t\t\t\t\t<div class=\"elementor-container elementor-column-gap-default\">\n\t\t\t\t\t<div class=\"elementor-column elementor-col-50 elementor-top-column elementor-element elementor-element-d673ae2\" data-id=\"d673ae2\" data-element_type=\"column\">\n\t\t\t<div class=\"elementor-widget-wrap elementor-element-populated\">\n\t\t\t\t\t\t\t\t<div class=\"elementor-element elementor-element-fc33a50 elementor-widget elementor-widget-heading\" data-id=\"fc33a50\" data-element_type=\"widget\" data-widget_type=\"heading.default\">\n\t\t\t\t<div class=\"elementor-widget-container\">\n\t\t\t<h3 class=\"elementor-heading-title elementor-size-default\">Playa de la Granadella<\/h3>\t\t<\/div>\n\t\t\t\t<\/div>\n\t\t\t\t<div class=\"elementor-element elementor-element-bb041ff elementor-widget elementor-widget-text-editor\" data-id=\"bb041ff\" data-element_type=\"widget\" data-widget_type=\"text-editor.default\">\n\t\t\t\t<div class=\"elementor-widget-container\">\n\t\t\t\t\t\t\t<p><span style=\"font-weight: 400\">Esta peque\u00f1a cala es preciosa y merece la pena una visita, por su paisaje, aguas cristalinas y ambiente tranquilo. Es una de las playas m\u00e1s bonitas del mediterr\u00e1neo y permite hacer varias actividades y deportes acu\u00e1ticos, pero es muy concurrida en verano.<\/span><\/p>\t\t\t\t\t\t<\/div>\n\t\t\t\t<\/div>\n\t\t\t\t\t<\/div>\n\t\t<\/div>\n\t\t\t\t<div class=\"elementor-column elementor-col-50 elementor-top-column elementor-element elementor-element-0867647\" data-id=\"0867647\" data-element_type=\"column\">\n\t\t\t<div class=\"elementor-widget-wrap elementor-element-populated\">\n\t\t\t\t\t\t\t\t<div class=\"elementor-element elementor-element-75acec7 elementor-widget elementor-widget-heading\" data-id=\"75acec7\" data-element_type=\"widget\" data-widget_type=\"heading.default\">\n\t\t\t\t<div class=\"elementor-widget-container\">\n\t\t\t<h3 class=\"elementor-heading-title elementor-size-default\">Cova dels Orguens<\/h3>\t\t<\/div>\n\t\t\t\t<\/div>\n\t\t\t\t<div class=\"elementor-element elementor-element-daeafef elementor-widget elementor-widget-text-editor\" data-id=\"daeafef\" data-element_type=\"widget\" data-widget_type=\"text-editor.default\">\n\t\t\t\t<div class=\"elementor-widget-container\">\n\t\t\t\t\t\t\t<p><span style=\"font-weight: 400\">Una cueva incre\u00edble justo por debajo del Cabo de la Nao, muy cerquita del mirador del Cap Negre, siendo una de las m\u00e1s grandes del pa\u00eds. Solo es posible acceder por el agua, as\u00ed que raramente estar\u00e1 muy concurrida.<\/span><\/p>\t\t\t\t\t\t<\/div>\n\t\t\t\t<\/div>\n\t\t\t\t\t<\/div>\n\t\t<\/div>\n\t\t\t\t\t\t\t<\/div>\n\t\t<\/section>\n\t\t\t\t<section class=\"elementor-section elementor-top-section elementor-element elementor-element-c7c27bd elementor-section-boxed elementor-section-height-default elementor-section-height-default\" data-id=\"c7c27bd\" data-element_type=\"section\">\n\t\t\t\t\t\t<div class=\"elementor-container elementor-column-gap-default\">\n\t\t\t\t\t<div class=\"elementor-column elementor-col-100 elementor-top-column elementor-element elementor-element-51fa5c9\" data-id=\"51fa5c9\" data-element_type=\"column\">\n\t\t\t<div class=\"elementor-widget-wrap elementor-element-populated\">\n\t\t\t\t\t\t\t\t<div class=\"elementor-element elementor-element-93e63a4 elementor-widget elementor-widget-image\" data-id=\"93e63a4\" data-element_type=\"widget\" data-widget_type=\"image.default\">\n\t\t\t\t<div class=\"elementor-widget-container\">\n\t\t\t\t\t\t\t\t\t\t\t\t\t\t\t<img decoding=\"async\" width=\"1253\" height=\"626\" src=\"https:\/\/www.solhabitat.com\/blog\/wp-content\/uploads\/2024\/02\/mirador-cap-negre-alicante.jpg\" class=\"attachment-full size-full wp-image-2398\" alt=\"mirador-cap-negre-alicante\" loading=\"lazy\" srcset=\"https:\/\/www.solhabitat.com\/blog\/wp-content\/uploads\/2024\/02\/mirador-cap-negre-alicante.jpg 1253w, https:\/\/www.solhabitat.com\/blog\/wp-content\/uploads\/2024\/02\/mirador-cap-negre-alicante-768x384.jpg 768w\" sizes=\"(max-width: 1253px) 100vw, 1253px\" \/>\t\t\t\t\t\t\t\t\t\t\t\t\t\t\t<\/div>\n\t\t\t\t<\/div>\n\t\t\t\t<div class=\"elementor-element elementor-element-11a91d3 elementor-widget elementor-widget-text-editor\" data-id=\"11a91d3\" data-element_type=\"widget\" data-widget_type=\"text-editor.default\">\n\t\t\t\t<div class=\"elementor-widget-container\">\n\t\t\t\t\t\t\t<p><span style=\"background-color: transparent;\">Otra de las ventajas del mirador del Cap Negre es que tiene aparcamiento a una corta distancia, facilitando mucho el acceso (se puede ir en coche casi hasta el mirador).<\/span><br><\/p>\t\t\t\t\t\t<\/div>\n\t\t\t\t<\/div>\n\t\t\t\t\t<\/div>\n\t\t<\/div>\n\t\t\t\t\t\t\t<\/div>\n\t\t<\/section>\n\t\t\t\t<section class=\"elementor-section elementor-top-section elementor-element elementor-element-6145ed49 elementor-section-boxed elementor-section-height-default elementor-section-height-default\" data-id=\"6145ed49\" data-element_type=\"section\">\n\t\t\t\t\t\t<div class=\"elementor-container elementor-column-gap-default\">\n\t\t\t\t\t<div class=\"elementor-column elementor-col-100 elementor-top-column elementor-element elementor-element-51c55709\" data-id=\"51c55709\" data-element_type=\"column\">\n\t\t\t<div class=\"elementor-widget-wrap elementor-element-populated\">\n\t\t\t\t\t\t\t\t<div class=\"elementor-element elementor-element-13f66246 elementor-widget elementor-widget-heading\" data-id=\"13f66246\" data-element_type=\"widget\" data-widget_type=\"heading.default\">\n\t\t\t\t<div class=\"elementor-widget-container\">\n\t\t\t<h2 class=\"elementor-heading-title elementor-size-default\">Senderismo Esc\u00e9nico: Rutas cerca del Mirador del Cap Negre<\/h2>\t\t<\/div>\n\t\t\t\t<\/div>\n\t\t\t\t<div class=\"elementor-element elementor-element-ec586c elementor-widget elementor-widget-text-editor\" data-id=\"ec586c\" data-element_type=\"widget\" data-widget_type=\"text-editor.default\">\n\t\t\t\t<div class=\"elementor-widget-container\">\n\t\t\t\t\t\t\t<p><span style=\"font-weight: 400\">C\u00f3mo hemos dicho anteriormente, es posible llegar al mirador del Cap Negre en coche (solo hace falta caminar unos 200 metros desde la carretera), pero para los amantes de senderismo o para aquellas personas que quieren \u201cperderse\u201d en la naturaleza, existen algunas rutas de senderismo que conectan el Cap Negre a otros puntos de la regi\u00f3n.\u00a0<\/span><\/p><p><span style=\"font-weight: 400\">Una de ellas es la que nos lleva del mirador de la Falzia al mirador del Cap Negre: esta ruta de poco m\u00e1s de 5 kil\u00f3metros (ida y vuelta) tiene una dificultad moderada y un desnivel de 99 metros. Existen, adem\u00e1s, algunas sendas de pescadores que bajan desde el mirador hasta el mar, y que permiten adem\u00e1s acceder a las cuevas del Tabaco y de La Mina.<\/span><\/p>\t\t\t\t\t\t<\/div>\n\t\t\t\t<\/div>\n\t\t\t\t\t<\/div>\n\t\t<\/div>\n\t\t\t\t\t\t\t<\/div>\n\t\t<\/section>\n\t\t\t\t<section class=\"elementor-section elementor-top-section elementor-element elementor-element-ad19cfe elementor-section-boxed elementor-section-height-default elementor-section-height-default\" data-id=\"ad19cfe\" data-element_type=\"section\">\n\t\t\t\t\t\t<div class=\"elementor-container elementor-column-gap-default\">\n\t\t\t\t\t<div class=\"elementor-column elementor-col-100 elementor-top-column elementor-element elementor-element-601d41b\" data-id=\"601d41b\" data-element_type=\"column\">\n\t\t\t<div class=\"elementor-widget-wrap elementor-element-populated\">\n\t\t\t\t\t\t\t\t<div class=\"elementor-element elementor-element-ddbc9f5 elementor-widget elementor-widget-heading\" data-id=\"ddbc9f5\" data-element_type=\"widget\" data-widget_type=\"heading.default\">\n\t\t\t\t<div class=\"elementor-widget-container\">\n\t\t\t<h2 class=\"elementor-heading-title elementor-size-default\">Fotograf\u00eda en Cap Negre <\/h2>\t\t<\/div>\n\t\t\t\t<\/div>\n\t\t\t\t<div class=\"elementor-element elementor-element-fcd22df elementor-widget elementor-widget-text-editor\" data-id=\"fcd22df\" data-element_type=\"widget\" data-widget_type=\"text-editor.default\">\n\t\t\t\t<div class=\"elementor-widget-container\">\n\t\t\t\t\t\t\t<p><span style=\"font-weight: 400\">Sin duda, el mirador del Cabo Negro es perfecto para sacar fotograf\u00edas, con su posici\u00f3n privilegiada sobre el mar y la naturaleza. Muchos profesionales se dirigen a este punto para hacer sesiones de fotos con modelos o fotos art\u00edsticas del mar y de la puesta de sol.\u00a0 Adem\u00e1s, es un local perfecto para observar las estrellas, por la distancia a los centros urbanos, por la baja contaminaci\u00f3n y por los cielos despejados durante gran parte del a\u00f1o.\u00a0<\/span><\/p><p><span style=\"font-weight: 400\">Es tambi\u00e9n un lugar precioso para citas rom\u00e1nticas, por su belleza esplendorosa y por su tranquilidad casi absoluta, adem\u00e1s del f\u00e1cil acceso. \u00bfQuiz\u00e1s sea una buena opci\u00f3n para la pedida de mano que est\u00e1s planeando?<\/span><\/p>\t\t\t\t\t\t<\/div>\n\t\t\t\t<\/div>\n\t\t\t\t\t<\/div>\n\t\t<\/div>\n\t\t\t\t\t\t\t<\/div>\n\t\t<\/section>\n\t\t\t\t<section class=\"elementor-section elementor-top-section elementor-element elementor-element-83257e7 elementor-section-boxed elementor-section-height-default elementor-section-height-default\" data-id=\"83257e7\" data-element_type=\"section\">\n\t\t\t\t\t\t<div class=\"elementor-container elementor-column-gap-default\">\n\t\t\t\t\t<div class=\"elementor-column elementor-col-100 elementor-top-column elementor-element elementor-element-2f03dc2\" data-id=\"2f03dc2\" data-element_type=\"column\">\n\t\t\t<div class=\"elementor-widget-wrap elementor-element-populated\">\n\t\t\t\t\t\t\t\t<div class=\"elementor-element elementor-element-01cd764 elementor-widget elementor-widget-image\" data-id=\"01cd764\" data-element_type=\"widget\" data-widget_type=\"image.default\">\n\t\t\t\t<div class=\"elementor-widget-container\">\n\t\t\t\t\t\t\t\t\t\t\t\t\t\t\t<img decoding=\"async\" width=\"2048\" height=\"1024\" src=\"https:\/\/www.solhabitat.com\/blog\/wp-content\/uploads\/2024\/02\/vistas-cabo-de-la-nao-desde-cap-negre.jpg\" class=\"attachment-full size-full wp-image-2408\" alt=\"vistas-cabo-de-la-nao-desde-cap-negre\" loading=\"lazy\" srcset=\"https:\/\/www.solhabitat.com\/blog\/wp-content\/uploads\/2024\/02\/vistas-cabo-de-la-nao-desde-cap-negre.jpg 2048w, https:\/\/www.solhabitat.com\/blog\/wp-content\/uploads\/2024\/02\/vistas-cabo-de-la-nao-desde-cap-negre-768x384.jpg 768w, https:\/\/www.solhabitat.com\/blog\/wp-content\/uploads\/2024\/02\/vistas-cabo-de-la-nao-desde-cap-negre-1536x768.jpg 1536w\" sizes=\"(max-width: 2048px) 100vw, 2048px\" \/>\t\t\t\t\t\t\t\t\t\t\t\t\t\t\t<\/div>\n\t\t\t\t<\/div>\n\t\t\t\t\t<\/div>\n\t\t<\/div>\n\t\t\t\t\t\t\t<\/div>\n\t\t<\/section>\n\t\t\t\t<section class=\"elementor-section elementor-top-section elementor-element elementor-element-acb9ce1 elementor-section-boxed elementor-section-height-default elementor-section-height-default\" data-id=\"acb9ce1\" data-element_type=\"section\">\n\t\t\t\t\t\t<div class=\"elementor-container elementor-column-gap-default\">\n\t\t\t\t\t<div class=\"elementor-column elementor-col-100 elementor-top-column elementor-element elementor-element-6898ed9\" data-id=\"6898ed9\" data-element_type=\"column\">\n\t\t\t<div class=\"elementor-widget-wrap elementor-element-populated\">\n\t\t\t\t\t\t\t\t<div class=\"elementor-element elementor-element-7170567 elementor-widget elementor-widget-heading\" data-id=\"7170567\" data-element_type=\"widget\" data-widget_type=\"heading.default\">\n\t\t\t\t<div class=\"elementor-widget-container\">\n\t\t\t<h2 class=\"elementor-heading-title elementor-size-default\">Atardecer en Cap Negre<\/h2>\t\t<\/div>\n\t\t\t\t<\/div>\n\t\t\t\t<div class=\"elementor-element elementor-element-dc0fbea elementor-widget elementor-widget-text-editor\" data-id=\"dc0fbea\" data-element_type=\"widget\" data-widget_type=\"text-editor.default\">\n\t\t\t\t<div class=\"elementor-widget-container\">\n\t\t\t\t\t\t\t<p><span style=\"font-weight: 400\">Naturalmente, los atardeceres en el Cap Negre son impresionantes: mar, monta\u00f1a, vegetaci\u00f3n, una peque\u00f1a isla en la distancia\u2026 Realmente, la palabra \u201cimpresionante\u201d se queda corta. Se recomienda llegar relativamente pronto para poder conseguir un buen lugar, ya que las puestas de sol son eventos algo concurridos, especialmente durante los meses de verano. A\u00fan as\u00ed, no se esperan aglomeraciones.<\/span><\/p>\t\t\t\t\t\t<\/div>\n\t\t\t\t<\/div>\n\t\t\t\t\t<\/div>\n\t\t<\/div>\n\t\t\t\t\t\t\t<\/div>\n\t\t<\/section>\n\t\t\t\t<section class=\"elementor-section elementor-top-section elementor-element elementor-element-5f361aa elementor-section-boxed elementor-section-height-default elementor-section-height-default\" data-id=\"5f361aa\" data-element_type=\"section\">\n\t\t\t\t\t\t<div class=\"elementor-container elementor-column-gap-default\">\n\t\t\t\t\t<div class=\"elementor-column elementor-col-100 elementor-top-column elementor-element elementor-element-98ee8d3\" data-id=\"98ee8d3\" data-element_type=\"column\">\n\t\t\t<div class=\"elementor-widget-wrap elementor-element-populated\">\n\t\t\t\t\t\t\t\t<div class=\"elementor-element elementor-element-a760060 elementor-widget elementor-widget-heading\" data-id=\"a760060\" data-element_type=\"widget\" data-widget_type=\"heading.default\">\n\t\t\t\t<div class=\"elementor-widget-container\">\n\t\t\t<h2 class=\"elementor-heading-title elementor-size-default\">\u00bfSer\u00e1 este el Mejor Mirador de J\u00e1vea?<\/h2>\t\t<\/div>\n\t\t\t\t<\/div>\n\t\t\t\t<div class=\"elementor-element elementor-element-f3179c0 elementor-widget elementor-widget-text-editor\" data-id=\"f3179c0\" data-element_type=\"widget\" data-widget_type=\"text-editor.default\">\n\t\t\t\t<div class=\"elementor-widget-container\">\n\t\t\t\t\t\t\t<p><span style=\"font-weight: 400\">La respuesta corta es&#8230; Posiblemente. Claro que para gustos, colores, pero la gran mayor\u00eda de los viajeros que descubren el mirador del Cap Negre no tiene muchas dudas: es uno de los puntos m\u00e1s bonitos de la costa alicantina y merece una visita, aunque sea solo para una foto. Lo que es completamente seguro es que esta zona tiene todo lo que es necesario para unas vacaciones perfectas: playas, vistas, gastronom\u00eda, ocio, cultura\u2026\u00a0<\/span><\/p><p><span style=\"font-weight: 400\">Si te interesa conocer o volver a esta regi\u00f3n del pa\u00eds, <\/span><a href=\"https:\/\/www.solhabitat.com\/\"><span style=\"font-weight: 400\">aqu\u00ed<\/span><\/a><span style=\"font-weight: 400\"> podr\u00e1s encontrar villas y apartamentos ideales en alquiler, en Moraira, J\u00e1vea y otras localidades de la Marina Alta. Ya tienes todo lo que necesitas para explorar el Cap Negre y sus alrededores, \u00bfa qu\u00e9 esperas?<\/span><\/p>\t\t\t\t\t\t<\/div>\n\t\t\t\t<\/div>\n\t\t\t\t\t<\/div>\n\t\t<\/div>\n\t\t\t\t\t\t\t<\/div>\n\t\t<\/section>\n\t\t\t\t<section class=\"elementor-section elementor-top-section elementor-element elementor-element-7f2d1d5f elementor-section-boxed elementor-section-height-default elementor-section-height-default\" data-id=\"7f2d1d5f\" data-element_type=\"section\">\n\t\t\t\t\t\t<div class=\"elementor-container elementor-column-gap-default\">\n\t\t\t\t\t<div class=\"elementor-column elementor-col-25 elementor-top-column elementor-element elementor-element-4ea357f6\" data-id=\"4ea357f6\" data-element_type=\"column\">\n\t\t\t<div class=\"elementor-widget-wrap elementor-element-populated\">\n\t\t\t\t\t\t\t\t<div class=\"elementor-element elementor-element-31c6d0e5 elementor-align-right elementor-widget elementor-widget-button\" data-id=\"31c6d0e5\" data-element_type=\"widget\" data-widget_type=\"button.default\">\n\t\t\t\t<div class=\"elementor-widget-container\">\n\t\t\t\t\t<div class=\"elementor-button-wrapper\">\n\t\t\t<a href=\"https:\/\/www.solhabitat.com\/alquiler\/alquileres-javea-xabia-d90\/\" class=\"elementor-button-link elementor-button elementor-size-sm\" role=\"button\">\n\t\t\t\t\t\t<span class=\"elementor-button-content-wrapper\">\n\t\t\t\t\t\t<span class=\"elementor-button-text\">Alojamientos en J\u00e1vea<\/span>\n\t\t<\/span>\n\t\t\t\t\t<\/a>\n\t\t<\/div>\n\t\t\t\t<\/div>\n\t\t\t\t<\/div>\n\t\t\t\t\t<\/div>\n\t\t<\/div>\n\t\t\t\t<div class=\"elementor-column elementor-col-25 elementor-top-column elementor-element elementor-element-27801343\" data-id=\"27801343\" data-element_type=\"column\">\n\t\t\t<div class=\"elementor-widget-wrap elementor-element-populated\">\n\t\t\t\t\t\t\t\t<div class=\"elementor-element elementor-element-31aee479 elementor-view-stacked elementor-shape-circle elementor-widget elementor-widget-icon\" data-id=\"31aee479\" data-element_type=\"widget\" data-widget_type=\"icon.default\">\n\t\t\t\t<div class=\"elementor-widget-container\">\n\t\t\t\t\t<div class=\"elementor-icon-wrapper\">\n\t\t\t<a class=\"elementor-icon\" href=\"https:\/\/www.solhabitat.com\/\">\n\t\t\t<i aria-hidden=\"true\" class=\"fas fa-home\"><\/i>\t\t\t<\/a>\n\t\t<\/div>\n\t\t\t\t<\/div>\n\t\t\t\t<\/div>\n\t\t\t\t\t<\/div>\n\t\t<\/div>\n\t\t\t\t<div class=\"elementor-column elementor-col-25 elementor-top-column elementor-element elementor-element-6b3e2003\" data-id=\"6b3e2003\" data-element_type=\"column\">\n\t\t\t<div class=\"elementor-widget-wrap elementor-element-populated\">\n\t\t\t\t\t\t\t\t<div class=\"elementor-element elementor-element-1acf9bc9 elementor-align-right elementor-widget elementor-widget-button\" data-id=\"1acf9bc9\" data-element_type=\"widget\" data-widget_type=\"button.default\">\n\t\t\t\t<div class=\"elementor-widget-container\">\n\t\t\t\t\t<div class=\"elementor-button-wrapper\">\n\t\t\t<a href=\"https:\/\/www.solhabitat.com\/alquiler\/alquileres-moraira-d196\/vista-lista\/\" class=\"elementor-button-link elementor-button elementor-size-sm\" role=\"button\">\n\t\t\t\t\t\t<span class=\"elementor-button-content-wrapper\">\n\t\t\t\t\t\t<span class=\"elementor-button-text\">Alojamientos en Moraira <\/span>\n\t\t<\/span>\n\t\t\t\t\t<\/a>\n\t\t<\/div>\n\t\t\t\t<\/div>\n\t\t\t\t<\/div>\n\t\t\t\t\t<\/div>\n\t\t<\/div>\n\t\t\t\t<div class=\"elementor-column elementor-col-25 elementor-top-column elementor-element elementor-element-17b7b894\" data-id=\"17b7b894\" data-element_type=\"column\">\n\t\t\t<div class=\"elementor-widget-wrap elementor-element-populated\">\n\t\t\t\t\t\t\t\t<div class=\"elementor-element elementor-element-2edd2c42 elementor-view-stacked elementor-shape-circle elementor-widget elementor-widget-icon\" data-id=\"2edd2c42\" data-element_type=\"widget\" data-widget_type=\"icon.default\">\n\t\t\t\t<div class=\"elementor-widget-container\">\n\t\t\t\t\t<div class=\"elementor-icon-wrapper\">\n\t\t\t<a class=\"elementor-icon\" href=\"https:\/\/www.solhabitat.com\/alquiler\/alquileres-moraira-d196\/vista-lista\/\">\n\t\t\t<i aria-hidden=\"true\" class=\"fas fa-house-user\"><\/i>\t\t\t<\/a>\n\t\t<\/div>\n\t\t\t\t<\/div>\n\t\t\t\t<\/div>\n\t\t\t\t\t<\/div>\n\t\t<\/div>\n\t\t\t\t\t\t\t<\/div>\n\t\t<\/section>\n\t\t\t\t\t\t\t<\/div>\n\t\t","protected":false},"excerpt":{"rendered":"<p>El mirador del Cap Negre, en J\u00e1vea, es uno de los puntos m\u00e1s espectaculares de la costa de Alicante, y&#8230;<\/p>\n","protected":false},"author":27,"featured_media":2402,"comment_status":"open","ping_status":"open","sticky":false,"template":"","format":"standard","meta":[],"categories":[44],"tags":[],"yoast_head":"<!-- This site is optimized with the Yoast SEO plugin v20.5 - https:\/\/yoast.com\/wordpress\/plugins\/seo\/ -->\n<title>Mirador del Cap Negre, Alicante - Solhabitat Holiday Homes | Blog<\/title>\n<meta name=\"description\" content=\"\u00a1No te pierdas las vistas desde el Mirador del Cap Negre en Alicante! Vis\u00edtalo a la hora del amanecer y vive un momento inolvidable.\" \/>\n<meta name=\"robots\" content=\"index, follow, max-snippet:-1, max-image-preview:large, max-video-preview:-1\" \/>\n<link rel=\"canonical\" href=\"https:\/\/www.solhabitat.com\/blog\/mirador-cap-negre\/\" \/>\n<meta property=\"og:locale\" content=\"es_ES\" \/>\n<meta property=\"og:type\" content=\"article\" \/>\n<meta property=\"og:title\" content=\"Mirador del Cap Negre, Alicante - Solhabitat Holiday Homes | Blog\" \/>\n<meta property=\"og:description\" content=\"\u00a1No te pierdas las vistas desde el Mirador del Cap Negre en Alicante! Vis\u00edtalo a la hora del amanecer y vive un momento inolvidable.\" \/>\n<meta property=\"og:url\" content=\"https:\/\/www.solhabitat.com\/blog\/mirador-cap-negre\/\" \/>\n<meta property=\"og:site_name\" content=\"Solhabitat Holiday Homes | Blog\" \/>\n<meta property=\"article:published_time\" content=\"2024-02-14T15:46:51+00:00\" \/>\n<meta property=\"article:modified_time\" content=\"2024-02-14T16:21:20+00:00\" \/>\n<meta property=\"og:image\" content=\"https:\/\/www.solhabitat.com\/blog\/wp-content\/uploads\/2024\/02\/cap-negre-javea-alicante.jpg\" \/>\n\t<meta property=\"og:image:width\" content=\"1920\" \/>\n\t<meta property=\"og:image:height\" content=\"500\" \/>\n\t<meta property=\"og:image:type\" content=\"image\/jpeg\" \/>\n<meta name=\"author\" content=\"Rui\" \/>\n<meta name=\"twitter:card\" content=\"summary_large_image\" \/>\n<meta name=\"twitter:label1\" content=\"Escrito por\" \/>\n\t<meta name=\"twitter:data1\" content=\"Rui\" \/>\n\t<meta name=\"twitter:label2\" content=\"Tiempo de lectura\" \/>\n\t<meta name=\"twitter:data2\" content=\"6 minutos\" \/>\n<script type=\"application\/ld+json\" class=\"yoast-schema-graph\">{\"@context\":\"https:\/\/schema.org\",\"@graph\":[{\"@type\":\"WebPage\",\"@id\":\"https:\/\/www.solhabitat.com\/blog\/mirador-cap-negre\/\",\"url\":\"https:\/\/www.solhabitat.com\/blog\/mirador-cap-negre\/\",\"name\":\"Mirador del Cap Negre, Alicante - Solhabitat Holiday Homes | Blog\",\"isPartOf\":{\"@id\":\"https:\/\/www.solhabitat.com\/blog\/#website\"},\"datePublished\":\"2024-02-14T15:46:51+00:00\",\"dateModified\":\"2024-02-14T16:21:20+00:00\",\"author\":{\"@id\":\"https:\/\/www.solhabitat.com\/blog\/#\/schema\/person\/376a09cbbe4266d9a0bd6281020b79bb\"},\"description\":\"\u00a1No te pierdas las vistas desde el Mirador del Cap Negre en Alicante! Vis\u00edtalo a la hora del amanecer y vive un momento inolvidable.\",\"inLanguage\":\"es\",\"potentialAction\":[{\"@type\":\"ReadAction\",\"target\":[\"https:\/\/www.solhabitat.com\/blog\/mirador-cap-negre\/\"]}]},{\"@type\":\"WebSite\",\"@id\":\"https:\/\/www.solhabitat.com\/blog\/#website\",\"url\":\"https:\/\/www.solhabitat.com\/blog\/\",\"name\":\"Solhabitat Holiday Homes | Blog\",\"description\":\"Apartamentos en Costa Blanca - Moraira | SolHabitat\",\"potentialAction\":[{\"@type\":\"SearchAction\",\"target\":{\"@type\":\"EntryPoint\",\"urlTemplate\":\"https:\/\/www.solhabitat.com\/blog\/?s={search_term_string}\"},\"query-input\":\"required name=search_term_string\"}],\"inLanguage\":\"es\"},{\"@type\":\"Person\",\"@id\":\"https:\/\/www.solhabitat.com\/blog\/#\/schema\/person\/376a09cbbe4266d9a0bd6281020b79bb\",\"name\":\"Rui\",\"image\":{\"@type\":\"ImageObject\",\"inLanguage\":\"es\",\"@id\":\"https:\/\/www.solhabitat.com\/blog\/#\/schema\/person\/image\/\",\"url\":\"https:\/\/secure.gravatar.com\/avatar\/79b5e925067a647fe110bf94ecc05df9?s=96&d=mm&r=g\",\"contentUrl\":\"https:\/\/secure.gravatar.com\/avatar\/79b5e925067a647fe110bf94ecc05df9?s=96&d=mm&r=g\",\"caption\":\"Rui\"},\"url\":\"https:\/\/www.solhabitat.com\/blog\/author\/rui\/\"}]}<\/script>\n<!-- \/ Yoast SEO plugin. -->","yoast_head_json":{"title":"Mirador del Cap Negre, Alicante - Solhabitat Holiday Homes | Blog","description":"\u00a1No te pierdas las vistas desde el Mirador del Cap Negre en Alicante! Vis\u00edtalo a la hora del amanecer y vive un momento inolvidable.","robots":{"index":"index","follow":"follow","max-snippet":"max-snippet:-1","max-image-preview":"max-image-preview:large","max-video-preview":"max-video-preview:-1"},"canonical":"https:\/\/www.solhabitat.com\/blog\/mirador-cap-negre\/","og_locale":"es_ES","og_type":"article","og_title":"Mirador del Cap Negre, Alicante - Solhabitat Holiday Homes | Blog","og_description":"\u00a1No te pierdas las vistas desde el Mirador del Cap Negre en Alicante! Vis\u00edtalo a la hora del amanecer y vive un momento inolvidable.","og_url":"https:\/\/www.solhabitat.com\/blog\/mirador-cap-negre\/","og_site_name":"Solhabitat Holiday Homes | Blog","article_published_time":"2024-02-14T15:46:51+00:00","article_modified_time":"2024-02-14T16:21:20+00:00","og_image":[{"width":1920,"height":500,"url":"https:\/\/www.solhabitat.com\/blog\/wp-content\/uploads\/2024\/02\/cap-negre-javea-alicante.jpg","type":"image\/jpeg"}],"author":"Rui","twitter_card":"summary_large_image","twitter_misc":{"Escrito por":"Rui","Tiempo de lectura":"6 minutos"},"schema":{"@context":"https:\/\/schema.org","@graph":[{"@type":"WebPage","@id":"https:\/\/www.solhabitat.com\/blog\/mirador-cap-negre\/","url":"https:\/\/www.solhabitat.com\/blog\/mirador-cap-negre\/","name":"Mirador del Cap Negre, Alicante - Solhabitat Holiday Homes | Blog","isPartOf":{"@id":"https:\/\/www.solhabitat.com\/blog\/#website"},"datePublished":"2024-02-14T15:46:51+00:00","dateModified":"2024-02-14T16:21:20+00:00","author":{"@id":"https:\/\/www.solhabitat.com\/blog\/#\/schema\/person\/376a09cbbe4266d9a0bd6281020b79bb"},"description":"\u00a1No te pierdas las vistas desde el Mirador del Cap Negre en Alicante! Vis\u00edtalo a la hora del amanecer y vive un momento inolvidable.","inLanguage":"es","potentialAction":[{"@type":"ReadAction","target":["https:\/\/www.solhabitat.com\/blog\/mirador-cap-negre\/"]}]},{"@type":"WebSite","@id":"https:\/\/www.solhabitat.com\/blog\/#website","url":"https:\/\/www.solhabitat.com\/blog\/","name":"Solhabitat Holiday Homes | Blog","description":"Apartamentos en Costa Blanca - Moraira | SolHabitat","potentialAction":[{"@type":"SearchAction","target":{"@type":"EntryPoint","urlTemplate":"https:\/\/www.solhabitat.com\/blog\/?s={search_term_string}"},"query-input":"required name=search_term_string"}],"inLanguage":"es"},{"@type":"Person","@id":"https:\/\/www.solhabitat.com\/blog\/#\/schema\/person\/376a09cbbe4266d9a0bd6281020b79bb","name":"Rui","image":{"@type":"ImageObject","inLanguage":"es","@id":"https:\/\/www.solhabitat.com\/blog\/#\/schema\/person\/image\/","url":"https:\/\/secure.gravatar.com\/avatar\/79b5e925067a647fe110bf94ecc05df9?s=96&d=mm&r=g","contentUrl":"https:\/\/secure.gravatar.com\/avatar\/79b5e925067a647fe110bf94ecc05df9?s=96&d=mm&r=g","caption":"Rui"},"url":"https:\/\/www.solhabitat.com\/blog\/author\/rui\/"}]}},"_links":{"self":[{"href":"https:\/\/www.solhabitat.com\/blog\/wp-json\/wp\/v2\/posts\/2377"}],"collection":[{"href":"https:\/\/www.solhabitat.com\/blog\/wp-json\/wp\/v2\/posts"}],"about":[{"href":"https:\/\/www.solhabitat.com\/blog\/wp-json\/wp\/v2\/types\/post"}],"author":[{"embeddable":true,"href":"https:\/\/www.solhabitat.com\/blog\/wp-json\/wp\/v2\/users\/27"}],"replies":[{"embeddable":true,"href":"https:\/\/www.solhabitat.com\/blog\/wp-json\/wp\/v2\/comments?post=2377"}],"version-history":[{"count":11,"href":"https:\/\/www.solhabitat.com\/blog\/wp-json\/wp\/v2\/posts\/2377\/revisions"}],"predecessor-version":[{"id":2420,"href":"https:\/\/www.solhabitat.com\/blog\/wp-json\/wp\/v2\/posts\/2377\/revisions\/2420"}],"wp:featuredmedia":[{"embeddable":true,"href":"https:\/\/www.solhabitat.com\/blog\/wp-json\/wp\/v2\/media\/2402"}],"wp:attachment":[{"href":"https:\/\/www.solhabitat.com\/blog\/wp-json\/wp\/v2\/media?parent=2377"}],"wp:term":[{"taxonomy":"category","embeddable":true,"href":"https:\/\/www.solhabitat.com\/blog\/wp-json\/wp\/v2\/categories?post=2377"},{"taxonomy":"post_tag","embeddable":true,"href":"https:\/\/www.solhabitat.com\/blog\/wp-json\/wp\/v2\/tags?post=2377"}],"curies":[{"name":"wp","href":"https:\/\/api.w.org\/{rel}","templated":true}]}}